{"id":7355,"date":"2018-09-15T14:00:29","date_gmt":"2018-09-15T17:00:29","guid":{"rendered":"http:\/\/iturrospe.com.ar\/?p=7355"},"modified":"2018-09-26T15:42:05","modified_gmt":"2018-09-26T18:42:05","slug":"la-asociacion-de-industriales-metalurgicos-celebro-sus-75-anos-en-rosario","status":"publish","type":"post","link":"https:\/\/iturrospe.com.ar\/pb\/la-asociacion-de-industriales-metalurgicos-celebro-sus-75-anos-en-rosario\/","title":{"rendered":"A Associa\u00e7\u00e3o de Metal\u00fargicos industriais celebrou seu 75\u00ba anivers\u00e1rio em Rosario"},"content":{"rendered":"<p>Em agosto passado, a associa\u00e7\u00e3o que re\u00fane as ind\u00fastrias de nossa prov\u00edncia comemorou seu 75\u00ba anivers\u00e1rio. AIM \u00e9 uma entidade que agrupa e representa C\u00e2maras e Empresas com o objetivo de alcan\u00e7ar o crescimento do setor industrial metal\u00fargico da prov\u00edncia de Santa F\u00e9.<\/p>\n<p>O objetivo do evento foi compartilhar um momento agrad\u00e1vel e desinteressante na atividade, junto com colegas industriais, autoridades nacionais, provinciais, municipais e entidades an\u00e1logas.<\/p>\n<p>Fundada em 18 de junho de 1943, hoje a AIM sinta suas bases em quatro eixos: articula\u00e7\u00e3o, treinamento, inova\u00e7\u00e3o e servi\u00e7os, para um futuro de progresso e evolu\u00e7\u00e3o das ind\u00fastrias.<\/p>\n<p>Nesta ocasi\u00e3o, a empresa ITURROSPE tamb\u00e9m recebeu um Reconhecimento por sua trajet\u00f3ria no mercado metal\u00fargico por mais de 60 anos, entregue pelo presidente Claudio Mossuz e Roberto Lenzi.<\/p>\n<p><img loading=\"lazy\" decoding=\"async\" class=\"alignnone wp-image-7356\" src=\"http:\/\/iturrospe.com.ar\/wp-content\/uploads\/2018\/09\/Claudio-Mossuz-y-Roberto-Lenzi.bmp\" alt=\"\" width=\"240\" height=\"178\" \/>\u00a0<img loading=\"lazy\" decoding=\"async\" class=\"alignnone wp-image-7357\" src=\"http:\/\/iturrospe.com.ar\/wp-content\/uploads\/2018\/09\/aniversario-AIM-2.bmp\" alt=\"\" width=\"518\" height=\"209\" \/><\/p>","protected":false},"excerpt":{"rendered":"<p>Em agosto passado, a associa\u00e7\u00e3o que re\u00fane as ind\u00fastrias de nossa prov\u00edncia comemorou seu 75\u00ba anivers\u00e1rio. AIM \u00e9 uma entidade<\/p>\n","protected":false},"author":2,"featured_media":7357,"comment_status":"closed","ping_status":"open","sticky":false,"template":"","format":"standard","meta":{"_acf_changed":false,"footnotes":""},"categories":[1],"tags":[],"class_list":["post-7355","post","type-post","status-publish","format-standard","has-post-thumbnail","hentry","category-sin-categoria"],"acf":[],"_links":{"self":[{"href":"https:\/\/iturrospe.com.ar\/pb\/wp-json\/wp\/v2\/posts\/7355"}],"collection":[{"href":"https:\/\/iturrospe.com.ar\/pb\/wp-json\/wp\/v2\/posts"}],"about":[{"href":"https:\/\/iturrospe.com.ar\/pb\/wp-json\/wp\/v2\/types\/post"}],"author":[{"embeddable":true,"href":"https:\/\/iturrospe.com.ar\/pb\/wp-json\/wp\/v2\/users\/2"}],"replies":[{"embeddable":true,"href":"https:\/\/iturrospe.com.ar\/pb\/wp-json\/wp\/v2\/comments?post=7355"}],"version-history":[{"count":3,"href":"https:\/\/iturrospe.com.ar\/pb\/wp-json\/wp\/v2\/posts\/7355\/revisions"}],"predecessor-version":[{"id":7360,"href":"https:\/\/iturrospe.com.ar\/pb\/wp-json\/wp\/v2\/posts\/7355\/revisions\/7360"}],"wp:featuredmedia":[{"embeddable":true,"href":"https:\/\/iturrospe.com.ar\/pb\/wp-json\/wp\/v2\/media\/7357"}],"wp:attachment":[{"href":"https:\/\/iturrospe.com.ar\/pb\/wp-json\/wp\/v2\/media?parent=7355"}],"wp:term":[{"taxonomy":"category","embeddable":true,"href":"https:\/\/iturrospe.com.ar\/pb\/wp-json\/wp\/v2\/categories?post=7355"},{"taxonomy":"post_tag","embeddable":true,"href":"https:\/\/iturrospe.com.ar\/pb\/wp-json\/wp\/v2\/tags?post=7355"}],"curies":[{"name":"wp","href":"https:\/\/api.w.org\/{rel}","templated":true}]}}